{"id":1,"date":"2024-10-02T10:44:04","date_gmt":"2024-10-02T10:44:04","guid":{"rendered":"https:\/\/grants.ulbsibiu.ro\/performaccess\/?p=1"},"modified":"2024-11-15T08:19:10","modified_gmt":"2024-11-15T08:19:10","slug":"hello-world","status":"publish","type":"post","link":"https:\/\/grants.ulbsibiu.ro\/performaccess\/hello-world\/","title":{"rendered":"Echip\u0103"},"content":{"rendered":"\n<div class=\"wp-block-group has-global-padding is-layout-constrained wp-block-group-is-layout-constrained\">\n<p><\/p>\n\n\n\n<div class=\"wp-block-group has-global-padding is-layout-constrained wp-block-group-is-layout-constrained\">\n<p><strong>Oana Marin<\/strong> este manager de proiect, coordonatoare de regie \u0219i dramaturgie. Este actri\u021b\u0103, asistent universitar la ULBS \u0219i manager cultural. Are un doctorat \u00een Teatru \u0219i Artele Spectacolului, iar din 2017 pred\u0103 cursuri de vorbire scenic\u0103, repertoriul actorului \u0219i introducere \u00een arta actorului. Din 2019 face parte din echipa de organizare a FITS, iar din 2022 coordoneaz\u0103 Bursa Interna\u021bional\u0103 de Spectacole de la Sibiu \/ Sibiu International Performing Arts Market. A avut peste 40 de roluri \u00een peste 30 de spectacole \u00een teatre de repertoriu \u0219i a participat la numeroase ateliere artistice, masterclass-uri \u0219i \u0219coli de var\u0103 \u00een \u021bar\u0103 \u0219i \u00een str\u0103in\u0103tate. A fost actri\u021b\u0103 colaboratoare a Teatrului Na\u021bional \u201eRadu Stanca\u201d timp de mai mul\u021bi ani, iar \u00een 2023 a regizat spectacolul \u201eCu bra\u021bele \u00eentinse deasupra lumii\u201d, \u00een care abordeaz\u0103 tema migra\u021biei. Interesele sale vizeaz\u0103 studiile performative, studiile de gen, grupurile vulnerabile, disability theatre \u0219i spoken word.<\/p>\n\n\n\n<p><strong>Anamaria Stoica <\/strong>este interpret\u0103 de limbaj mimico-gestual \u00een cadrul proiectului \u0219i responsabil\u0103 pentru consultan\u021b\u0103. Este licen\u021biat\u0103 \u00een Drept, iar \u00een prezent este profesoar\u0103 la Centrul \u0218colar de Educa\u021bie Incluziv\u0103 Nr. 2 \u00een Sibiu. Din 2018 este colaboratoare \u00een cadrul programului de accesibilizare a informa\u021biei culturale \u0219i al patrimoniului muzeal dedicat persoanelor cu dizabilit\u0103\u021bi (Muzeul ASTRA). A fost angajat\u0103 la Asocia\u021bia Na\u021bional\u0103 a Surzilor din Rom\u00e2nia (2009-2022), unde a coordonat multiple proiecte, a organizat Festivalul Na\u021bional de Teatru \u0219i Pantomim\u0103 pentru surzi \u00een Sibiu (2016) \u0219i a organizat Seminarul Bilateral de Accesibilizare (2023). A activat ca interpret\u0103 de limbaj mimico-gestual la Patronatul Medicinei Integrative (2012), la Erasmus+ (2018) \u0219i s-a implicat \u00een desf\u0103\u0219urarea mai multor concursuri \u0219i proiecte pentru elevi cu deficien\u021be de auz. Din 2022 este voluntar\u0103 la \u0218tiin\u021bescu Hub Sibiu, unde intermediaz\u0103 predarea roboticii \u0219i a program\u0103rii pentru copiii cu dizabilit\u0103\u021bi.<\/p>\n\n\n\n<p><strong>Isabela Paula Haiduc<\/strong> este actri\u021b\u0103 \u00een spectacolul <em>Quijote fericit<\/em>. Este coregraf\u0103 \u0219i performer, masterand\u0103 a programului Tehnici Interpretative \u00een Artele Spectacolului al ULBS. \u00cen perioada studiilor, a participat anual la FITS, unde a fost \u00eendrumat\u0103 de personalit\u0103\u021bi de renume din lumea teatrului, iar \u00een 2016 a debutat ca artist\u0103 \u00een proiectului interna\u021bional Power of Diversity \u2013 The Crossing Lines Project. A participat la festivaluri studen\u021be\u0219ti de dans \u00een \u021bar\u0103 (Cluj, T\u00e2rgu Mure\u0219, Ploie\u0219ti, Craiova, Ia\u0219i, Sibiu) \u0219i activeaz\u0103 la Casa de Cultur\u0103 a Studen\u021bilor. \u00cen 2019 a participat la Summer Dance Camp \u00een China, iar \u00een 2021 a plecat \u00een turnee \u00een Constan\u021ba, Milano, Chi\u0219in\u0103u, Bucure\u0219ti, Portugalia, Suedia, Lituania.<\/p>\n\n\n\n<p><strong>Ana-Maria \u0218tefan<\/strong> este actri\u021b\u0103 \u00een spectacolul <em>Quijote fericit<\/em>. Este masterand\u0103, licen\u021biat\u0103 \u00een Artele Spectacolului la ULBS. Joac\u0103 \u00een spectacolele studen\u021be\u0219ti ale Departamentului de Art\u0103 Teatral\u0103 \u0219i \u00een spectacole ale sec\u021biei rom\u00e2ne \u0219i germane la Teatrul Na\u021bional \u201eRadu Stanca\u201d. A participat la ateliere sus\u021binute de arti\u0219ti renumi\u021bi ca Eugenio Barba, Rami Be\u2019er, Neil Labute sau Yuri Kordonsky. A participat la festivalul studen\u021besc DAT Fest \u0219i a sus\u021binut spectacole de lectur\u0103 ca \u201eSunt una dintre fortunate\u201d de Alexandra Voivozeanu \u0219i \u201eAvalan\u0219a\u201d de Tuncer C\u00fcceno\u011flu. \u00cen perioada 2021 2023 a participat \u00een recitaluri de poezie la Festivalul \u201eLucian Blaga\u201d din Sebe\u0219. Din Octombrie 2023 joac\u0103 \u00een spectacolul \u201eCu bra\u021bele \u00eentinse deasupra lumii\u201d, \u00een regia Oanei Marin.<\/p>\n\n\n\n<p><strong>David Cristian Gu\u021b\u0103<\/strong> este actor \u00een spectacolul Quijote fericit. Este masterand, licen\u021biat \u00een Artele Spectacolului la ULBS. A avut roluri \u00een 10 spectacole, dintre care 4 sunt produc\u021bii ale Teatrului Na\u021bional \u201eRadu Stanca\u201d, iar celelalte ale ULBS, av\u00e2nd \u00een total cinci roluri principale, trei roluri secundare \u0219i dou\u0103 figura\u021bii speciale. Practic\u0103 dansul \u0219i acroba\u021bia \u0219i a participat la multiple festivaluri unde a ob\u021binut premii al\u0103turi de trupa Casei de cultur\u0103 a studen\u021bilor. \u00cen 2023 a jucat \u00een spectacolul sec\u021biei Germane \u201eWoyzeck\u201d unde a lucrat cu coregrafa Edith Buttingsrud Pedersen, spectacol nominalizat la premiile Uniter. A colaborat cu diferite companii \u0219i restaurante pentru reclame comerciale, scurtmetraje \u0219i clipuri muzicale.<\/p>\n\n\n\n<p><strong>Paul \u0219i Camelia Costea<\/strong> sunt actori cu deficien\u021be de auz \u00een spectacolul <em>Quijote fericit<\/em>. Au urmat cursurile \u0218colii Profesionale Speciale \u201eSAMUS\u201d din Cluj-Napoca, Camelia particip\u00e2nd la diferite activit\u0103\u021bi de teatru \u0219i pantomim\u0103 \u00een cadrul Centrului \u0218colar de Educa\u021bie Incluziv\u0103 nr. 2 din Sibiu. Paul este de profe sie sculptor, iar Camelia croitoreas\u0103, am\u00e2ndoi fiind pasiona\u021bi de actorie.&nbsp;<\/p>\n\n\n\n<p><strong>Denis Dac\u0103lu<\/strong> este asistent de regie \u00een spectacolul <em>Quijote Fericit<\/em>. A absolvit Teatrologie \u0219i Management Cultural la ULBS, iar din 2022 colaboreaz\u0103 cu Teatrul Na\u021bional \u201eRadu Stanca\u201d. Contribuie la desf\u0103\u0219urarea FITS \u0219i a fost implicat \u00een organizarea festivalului studen\u021besc DATfest. \u00cen 2022 a fost manager de proiect al spectacolului \u201eFrida Kahlo\u201d, regizat de Silvana Neda \u0219i jucat \u00een cadrul festivalurilor Serile Teatrului Studen\u021besc, Festivalul \u201eUndercloud\u201d \u0219i D-buTan-T. \u00cen 2023 a fost manager de proiect al spectacolului \u201e\u021aes\u0103torul de Vise\u201d la Teatrul Na\u021bional \u201eRadu Stanca\u201d, iar \u00een vara anului 2024 \u0219i-a f\u0103cut debutul ca regizor \u0219i dansator \u00een spectacolul \u201eTo\u021bi suntem adu\u0219i aici\u201d.<\/p>\n\n\n\n<p><strong>Alexandra Ioana Dumitru <\/strong>este scenografa spectacolului <em>Quijote fericit<\/em>. Este artist plastic \u0219i grafic designer, pictor \u0219i membru al Uniunii Arti\u0219tilor Plastici din Sibiu. Are un masterat \u00een Design grafic la Universitatea de Vest din Timi\u0219oara, iar din 2021 este pictor de decoruri la Teatrul GONG din Sibiu. A coordonat ateliere de art\u0103 cu copiii \u0219i tineri \u0219i a participat la zeci de expozi\u021bii de art\u0103 \u00een Sibiu, Timi\u0219oara, Deva \u0219i Re\u0219i\u021ba. Din 2019 este membr\u0103 a Asocia\u021biei Brukenthal von Studio, unde a derulat multiple proiecte, iar din 2018 este organizator Street Delivery Sibiu unde se ocup\u0103 de partea de imagine-design grafic \u0219i \u00een cadrul c\u0103ruia are proiectul personal Street Invaders. De\u021bine un studio artistic independent, Enjoy Art Studio, \u0219i a colaborat de-a lungul timpului cu nume cu rezonan\u021b\u0103 din teatrul autohton \u0219i european.<\/p>\n\n\n\n<p><strong>Dalia Elisa Ioana\u0219<\/strong> este asistent manager \u00een cadrul proiectului. A urmat cursurile programului de licen\u021b\u0103 Teatrologie (management cultural) al ULBS, unde a beneficiat de o burs\u0103 Erasmus la Universit\u00e9 Sorbonne Nouvelle din Paris. \u00cen 2022 a fost asistent\u0103 la Festivalul Universit\u0103\u021bilor de Teatru \u0219i Management Cultural Sibiu, eveniment din cadrul FITS, iar \u00een 2022 \u0219i 2023 a fost coordonatoare de departament \u00een cadrul festivalului studen\u021besc teatral DATfest. A fost asistent\u0103 de manager pentru multiple spectacole ale Departamentului de Art\u0103 Teatral\u0103. \u00cen prezent este co-coordonatoare a festivalului DATfest \u0219i manager al unor spectacole ale Departamentului de Art\u0103 Teatral\u0103: \u201ePlastilin\u0103\u201d, \u201eUndeva \u00eentr-un teatru de r\u0103zboi\u201d, \u201eCu bra\u021bele \u00eentinse deasupra lumii\u201d.<\/p>\n\n\n\n<p><strong>Sofia Ilie<\/strong> este responsabil\u0103 de comunicare \u0219i PR \u00een cadrul proiectului. Este licen\u021biat\u0103 \u00een Litere \u0219i Filosofie la Universitatea din Bucure\u0219ti \u0219i urmeaz\u0103 \u00een prezent cursurile masterului de Limba \u0219i Literatura Rom\u00e2n\u0103 \u00een Epoca Globaliz\u0103rii la ULBS. A efectuat stagii de practic\u0103 la TVR, Institutul de Investiga\u021bii pentru Inteligen\u021b\u0103 Artificial\u0103 \u201eMihai Dr\u0103g\u0103nescu\u201d \u0219i a fost voluntar\u0103 la mai multe organiza\u021bii printre care Salva\u021bi Copiii Rom\u00e2nia \u0219i Asocia\u021bia Nev\u0103z\u0103torilor din Rom\u00e2nia. A publicat eseu \u0219i cronic\u0103 de carte \u00een <em>Observator Cultural<\/em> \u0219i <em>Z9<\/em> \u0219i a f\u0103cut parte din juriul premiului \u201eObservator Universitas\u201d pentru poezie \u00een 2022 \u0219i 2024. Din au gust 2022 face parte din echipa de organizare a serilor de open mic <em>\u0102ia cu poezia<\/em>, iar tot din august 2022 este librar la C\u0103rture\u0219ti, unde face parte din echipa de organizare a Zilelor Poeziei.<\/p>\n\n\n\n<p><strong>Daniel Ionu\u021b Gheorghiu<\/strong> este responsabil de <em>graphic &amp; web design<\/em> \u00een cadrul proiectului. Este Art Director al revistei <em>Capital Cultural<\/em> \u0219i activeaz\u0103 la Asocia\u021bia Capital Cultural \u00een proiecte de educa\u021bie prin cultur\u0103. \u00cen 2019 a lansat \u00eempreun\u0103 cu adolescen\u021bi \u0219i studen\u021bi din Sibiu \u0219i alte ora\u0219e din \u021bar\u0103 revista <em>Exerci\u021biul 18<\/em>, iar \u00een 2023 a contribuit, \u00een cadrul aceleia\u0219i asocia\u021bii, la lansarea proiectului Semn c\u0103 \u00eensemni, dedicat p\u0103rin\u021bilor \u0219i adolescen\u021bilor. A fost Senior Marketing Specialist la Regnology (responsabil grafic\u0103) \u0219i a colaborat cu Teatrul de copii \u0219i tineret GONG din Sibiu \u00een calitate de grafician. A realizat vizualul la peste 20 de spectacole, dou\u0103 edi\u021bii ale Festivalui T\u00e2n\u0103r \u0219i numeroase ele mente vizuale pentru alte evenimente ale partenerilor. A activat \u00een cadrul grupului de firme din domeniul medical Polisano din Sibiu \u0219i a a coordonat paginarea, urm\u0103rirea machetelor publicitare \u0219i preg\u0103tirea pentru tipar a revistelor din re\u021beaua Zile \u0219i Nop\u021bi. A lucrat la Realitatea TV Sibiu ca grafician de emisie \u0219i a fost grafician \u0219i paginator al cotidianului Tribuna din Sibiu.<\/p>\n\n\n\n<p><strong>Vlad Dumitru<\/strong> este responsabil de partea de foto-video a proiectului. A absolvit Facultatea de Drept a Universit\u0103\u021bii de Vest din Timi\u0219oara, iar din 2010 este fotograf independent la propriul studio de fotografie, Enjoy Art Studio. A avut proiecte personale de fotografie pe film \u0219i a colaborat cu Teatrul Na\u021bional \u201eRadu Stanca\u201d din Sibiu \u00een cadrul FITS \u0219i cu Teatrul GONG din Sibiu. Din 2018 este organizator al Street Delivery Sibiu, unde se ocup\u0103 de partea de foto-video. Proiectele sale vizeaz\u0103 cu prec\u0103dere jazz-ul, document\u00e2nd prin fotografie scena de jazz na\u021bional\u0103 la festivaluri ca G\u0103r\u00e2na Jazz Festival, Smida Jazz Festival sau Jazz in the Park. Interesele lui de cercetare \u0219i crea\u021bie vizeaz\u0103 fotografia urban\u0103 \u0219i antropologic\u0103. Este colec\u021bionar de discuri de vinil \u0219i music selektor, coordon\u00e2nd proiectul The Eclectors, prin care exploreaz\u0103 diversitatea genurilor muzicale.<\/p>\n\n\n\n<p><strong>Dorin-Alexandru P\u0103r\u0103u<\/strong> este responsabil de lumini \u00een cadrul spectacolului. Este tehnician \u00een Departamentul de art\u0103 teatral\u0103 al ULBS, colaborator la Teatrul Na\u021bional \u201eRadu Stanca\u201d din Sibiu \u0219i la FITS (luminist scen\u0103, sunet, video \u0219i scenotehnic\u0103). Este administrator principal al societ\u0103\u021bii comerciale Lumini cu Poveste. Din 2014 a conceput lumini pentru diferite spectacole studen\u021be\u0219ti, lucr\u00e2nd cu regizori \u0219i scenografi de renume. A participat ca technician de lumini \u0219i video la numeroase festivaluri \u0219i proiecte \u00een T\u00e2rgu Mure\u0219, Chi\u0219in\u0103u, Sibiu, Timi\u0219oara. A executat decora\u021biuni luminoase pentru mai multe evenimente private, t\u00e2rguri \u0219i festivaluri, printre care FOCUS in the Park, Zilele ora\u0219u lui Cisn\u0103die, Guitar Meeting, Summer Break Festival, T\u00e2rgul de Cr\u0103ciun Sibiu sau LaRock Music Festival.<\/p>\n\n\n\n<p><strong>Ovio Olaru<\/strong> este co-dramaturg al spectacolului <em>Quijote fericit<\/em>. Este lector universitar la Universitatea \u201eLucian Blaga\u201d din Sibiu, unde pred\u0103 german\u0103 \u0219i norvegian\u0103. A activat ca cercet\u0103tor \u0219tiin\u021bific \u00een mai multe proiecte de cercetare finan\u021bate printre care VIZIUM, ELABCHROM, TRANSHIROL, UEFISCDI, The Digital Museum of the Romanian Novel of the 19th Century \u0219i Doing Environmental (In)justice: A Theory in Praxis (EcoJust) \u0219i a fost director al proiectului Granturi pentru Tineri Cercet\u0103tori (2020). A co-editat 2 volume interna\u021bionale, <em>Beyond the Iron Curtain. Revisiting the Literary System of Communist Romania<\/em> (Berlin: Peter Lang, 2021); <em>The German Model in Romanian Culture<\/em> (Berlin: Peter Lang, 2023). A publicat peste 40 de articole WoS\/Scopus, precum \u0219i capitole \u00een volume na\u021bionale \u0219i interna\u021bionale. A tradus romane, poeme \u0219i piese de teatru din limba norvegian\u0103, danez\u0103, suedez\u0103 \u0219i islandez\u0103.<\/p>\n\n\n\n<p><strong>\u0218tefan Baghiu<\/strong> este <em>sound designer<\/em> \u0219i a compus muzica spectacolului <em>Quijote fericit<\/em>. Este lector universitar de literatur\u0103 rom\u00e2n\u0103 \u0219i teorie literar\u0103 \u00een cadrul Departamentului de Studii Romanice al ULBS. A publicat numeroase articole despre literatura rom\u00e2n\u0103, iar principalele sale domenii de cercetare includ traducerea literar\u0103 ca fenomen cultural, cercetarea literar\u0103 cantitativ\u0103, studiile culturale \u0219i literatura rom\u00e2n\u0103 postbelic\u0103. A co-editat mai multe volume de teorie literar\u0103, este unul dintre coordonatorii Muzeului Digital al Romanului Rom\u00e2nesc \u0219i este implicat \u00een multiple proiecte culturale \u0219i de cercetare. A coordonat proiecte culturale \u0219i artistice (Z9 Postcolonial, Z9 Litin Sync etc.) Ca poet a debutat \u00een 2013 la Cartea Rom\u00e2neasc\u0103, volum multiplu premiat. A participat la lecturi \u00een \u021bar\u0103 \u0219i \u00een str\u0103in\u0103tate \u0219i a fost tradus \u00een englez\u0103, francez\u0103 \u0219i german\u0103. A lucrat \u00een calitate de artist (scenariu sau muzic\u0103) al\u0103turi de regizoare \u0219i regizori ca Nicoleta Lefter, Bobi Pricop \u0219i Oana Marin. Din 2024 este membru al comisiei Consiliului Na\u021bional al Cinematografiei la categoriile filmelor de fic\u021biune.<\/p>\n\n\n\n<p><strong>Paraian Doina Viorica<\/strong> este coordonatoarea sesiunilor de Q&amp;A din cadrul proiectului. A absolvit Facultatea de \u0218tiin\u021be Socio-Umane la ULBS, cu o licen\u021b\u0103 despre incluziunea persoanelor cu dizabilit\u0103\u021bi prin sport, iar \u00een prezent urmeaz\u0103 cursurile masterului de Asisten\u021b\u0103 Social\u0103 a Grupurilor Vulnerabile, Politici \u0219i Strategii de Interven\u021bie. A f\u0103cut voluntariat pentru grupuri vulnerabile la Centrul Ocupa\u021bional \u201eDiakoniewerk International\u201d pentru Persoane cu Dizabilit\u0103\u021bi din Sibiu \u0219i la Centrul de Plasament \u201eTurnu Ro\u0219u\u201d din Sibiu. A urmat cursuri pentru competen\u021be antreprenoriale la ULBS \u0219i cursuri pentru persoanele cu adic\u021bii. A participat la \u201eSocial Europe Days 2022\u201d \u0219i la conferin\u021ba studen\u021beasc\u0103 \u201eNoi provoc\u0103ri \u00een \u0219tiin\u021bele socio-umane la \u00eenceputul mileniului III\u201d, \u00een 2024.<\/p>\n\n\n\n<p><strong>Georgeta Sorina Corman<\/strong> este responsabil\u0103 de consultan\u021b\u0103 \u00een grupuri vulnerabile \u00een cadrul proiectului. Este prodecan \u0219i cadru didactic al Facult\u0103\u021bii de \u0218tiin\u021be Socio Umane a ULBS, av\u00e2nd studii finalizate \u00een Ia\u0219i, Bucure\u0219ti \u0219i Timi\u0219oara. Este implicat\u0103 ca membru sau manager \u00een multiple programe de cercetare, iar din 2015 este membru asociat la \u201eBobic \u0219i Corman\u201d Societate Civil\u0103 Profesional\u0103 de Asisten\u021b\u0103 Social\u0103. A fost desemnat\u0103 expert \u00een cadrul Secretariatului Tehnic al Comisiei Jude\u0163ene Anti-S\u0103r\u0103cie \u0219i Promovare a Incluziunii Sociale Sibiu. \u00cen prezent este asistent soci al (Colaborator Avocatul Poporului) \u0219i expert asistent social (Consiliul de Monitorizare). A fost numit\u0103 specialist \u00een asisten\u021b\u0103 social\u0103, colaborator al Comisiei Superioare de Evaluare a persoanelor adulte cu handicap \u0219i a fost selectat\u0103 ca expert evaluator pentru Comisia de acreditare a furnizorilor de formare profesional\u0103 Sibiu. A publicat articole \u00een reviste de specialitate de circula\u021bie interna\u021bional\u0103 \u0219i a coordonat numere din <em>Scientific Annals of \u201eAlexandru Ioan Cuza\u201d University of Ia\u0219i<\/em>.<\/p>\n\n\n\n<p><strong>Valer Simion Cosma<\/strong> este responsabil de consultan\u021b\u0103 \u00een implementarea proiectului. Este director al Bibliotecii Universit\u0103\u021bii \u201eLucian Blaga\u201d din Sibiu, manager executiv al proiectului Doing Environmental (In)justice: A Theory in Praxis (EcoJust) \u0219i pre\u0219edinte al asocia\u021biei Centrul pentru Studierea Modernit\u0103\u021bii \u0219i a Lumii Rurale. A activat \u00een multiple proiecte de cercetare na\u021bionale \u0219i interna\u021bionale, a editat 5 volume colective \u0219i a publicat o serie de studii \u00een volume colective din \u021bar\u0103 \u0219i din str\u0103in\u0103tate, cel mai recent volum al s\u0103u fiind <em>Molitve, Cetanii \u0219i Afurisenii<\/em> (Editura ULBS, 2024). A ini\u021biat Conferin\u021bele de var\u0103 de la Telciu (2012-2019) \u0219i de-a lungul timpului a coordonat o serie de proiecte culturale adresate tinerilor. Din 2021 face parte din juriul Galei Societ\u0103\u021bii Civile. A lucrat ca documentarist sau consultant \u0219tiin\u021bific la produc\u021bia mai multor spectacole de teatru, preformance-uri, documentare, albume \u0219i expozi\u021bii. A fost editorialist la <em>Libertatea<\/em> (2019-2022), iar din 2017 este contribuitor ocazional la publica\u021bii precum <em>Observator Cultural, Scena9, Caiete Silvane, Pr\u0103v\u0103lia Cultural\u0103, Capital Cultural <\/em>sau <em>Baricada<\/em>.<\/p>\n\n\n\n<p><strong>Ana-Raluca Sassu<\/strong> este responsabil\u0103 de consultan\u021b\u0103 \u00een implementarea proiectului. Este profesor doctor \u00een cadrul Departamentului de Psihologie al ULBS \u0219i prorector al universit\u0103\u021bii. Este membru \u00een Comisia de Exper\u021bi Permanen\u021bi (\u0218tiin\u021be Administrative, ale Educa\u021biei \u0219i Psihologice, ARACIS) \u0219i a activat ca cercet\u0103toare sau manager executiv \u00een numeroase proiecte de cercetare \u00een \u021bar\u0103 \u0219i \u00een str\u0103in\u0103tate. Are studii postdoctorale la University of Berne \u0219i a fost profesor asociat la Universitatea Babe\u0219 Bolyai din Cluj-Napoca. A fost director al Centrului pentru formare continu\u0103 \u00een Limba German\u0103 din Media\u0219, director al Funda\u021biei pentru Asisten\u021b\u0103 Social\u0103 Bavaria Romania \u0219i cadru didactic la Colegiul Pedagogic Andrei \u0218aguna din Sibiu. A publicat articole \u00een volume colective na\u021bionale \u0219i interna\u021bionale \u0219i volume individuale la Editura Universit\u0103\u021bii din Bucure\u0219ti. A participat la conferin\u021be \u0219i congrese interna\u021bionale \u0219i este co-fondatoarea Centrului de Cercet\u0103ri Psihologice din Sibiu. Este editor manager la <em>The Romanian Journal of Psychology, Psychotherapy and Educational Sciences<\/em>.<\/p>\n<\/div>\n<\/div>\n\n\n\n<p><\/p>\n","protected":false},"excerpt":{"rendered":"<p>Oana Marin este manager de proiect, coordonatoare de regie \u0219i dramaturgie. Este actri\u021b\u0103, asistent universitar la ULBS \u0219i manager cultural. Are un doctorat \u00een Teatru \u0219i Artele Spectacolului, iar din 2017 pred\u0103 cursuri de vorbire scenic\u0103, repertoriul actorului \u0219i introducere \u00een arta actorului. Din 2019 face parte din echipa de organizare a FITS, iar din [&hellip;]<\/p>\n","protected":false},"author":1,"featured_media":0,"comment_status":"closed","ping_status":"open","sticky":false,"template":"","format":"standard","meta":{"footnotes":""},"categories":[1],"tags":[],"class_list":["post-1","post","type-post","status-publish","format-standard","hentry","category-uncategorized"],"_links":{"self":[{"href":"https:\/\/grants.ulbsibiu.ro\/performaccess\/wp-json\/wp\/v2\/posts\/1"}],"collection":[{"href":"https:\/\/grants.ulbsibiu.ro\/performaccess\/wp-json\/wp\/v2\/posts"}],"about":[{"href":"https:\/\/grants.ulbsibiu.ro\/performaccess\/wp-json\/wp\/v2\/types\/post"}],"author":[{"embeddable":true,"href":"https:\/\/grants.ulbsibiu.ro\/performaccess\/wp-json\/wp\/v2\/users\/1"}],"replies":[{"embeddable":true,"href":"https:\/\/grants.ulbsibiu.ro\/performaccess\/wp-json\/wp\/v2\/comments?post=1"}],"version-history":[{"count":4,"href":"https:\/\/grants.ulbsibiu.ro\/performaccess\/wp-json\/wp\/v2\/posts\/1\/revisions"}],"predecessor-version":[{"id":68,"href":"https:\/\/grants.ulbsibiu.ro\/performaccess\/wp-json\/wp\/v2\/posts\/1\/revisions\/68"}],"wp:attachment":[{"href":"https:\/\/grants.ulbsibiu.ro\/performaccess\/wp-json\/wp\/v2\/media?parent=1"}],"wp:term":[{"taxonomy":"category","embeddable":true,"href":"https:\/\/grants.ulbsibiu.ro\/performaccess\/wp-json\/wp\/v2\/categories?post=1"},{"taxonomy":"post_tag","embeddable":true,"href":"https:\/\/grants.ulbsibiu.ro\/performaccess\/wp-json\/wp\/v2\/tags?post=1"}],"curies":[{"name":"wp","href":"https:\/\/api.w.org\/{rel}","templated":true}]}}