{"id":441,"date":"2025-10-01T22:30:59","date_gmt":"2025-10-01T20:30:59","guid":{"rendered":"https:\/\/grants.ulbsibiu.ro\/leadtheteam\/?p=441"},"modified":"2025-11-11T23:05:02","modified_gmt":"2025-11-11T21:05:02","slug":"inceperea-activitatilor-de-formare-la-seria-1","status":"publish","type":"post","link":"https:\/\/grants.ulbsibiu.ro\/leadtheteam\/inceperea-activitatilor-de-formare-la-seria-1\/","title":{"rendered":"\u00cenceperea activit\u0103\u021bilor de formare la Seria 1"},"content":{"rendered":"\n<p>\u00cen perioada <strong>17.10.2025 \u2013 25.11.2025<\/strong> vor avea loc activit\u0103\u021bile de formare pentru Seria 1, din cadrul programelor de formare continu\u0103 <strong>Leadership Educa\u021bional pentru Excelen\u021b\u0103 \u00een Managementul \u0218colar<\/strong> \u0219i <strong>Excelen\u021b\u0103 \u00een Conducerea Educa\u021bional\u0103 Leadership Strategic pentru Inspectoratele \u0218colare<\/strong>.<\/p>\n\n\n\n<p>Evaluarea final\u0103 va avea loc \u00een <strong>13.12.2025<\/strong>.<\/p>\n\n\n\n<p>Activit\u0103\u021bile de formare se vor desf\u0103\u0219ura \u00een sistem <strong>blended learning<\/strong> (fa\u021b\u0103 \u00een fa\u021b\u0103, online sincron, online asincron), folosind loca\u021bii fizice \u0219i platformele Google Classroom, Google Meet.<\/p>\n\n\n\n<p>Invita\u021biile de classroom sunt trimise individual fiec\u0103rui participant. Pe classroom sunt postate materiale suport pentru activit\u0103\u021bile de formare, precum \u0219i calendarul de formare \u0219i alte informa\u021bii de interes.<\/p>\n\n\n\n<p>Seria 1 cuprinde 11 grupe, dintre care 10 grupe cu c\u00e2te 25 de participan\u021bi la programul <strong>Leadership Educa\u021bional pentru Excelen\u021b\u0103 \u00een Managementul \u0218colar<\/strong> \u0219i 1 grup\u0103 cu 25 de participan\u021bi la programul <strong>Excelen\u021b\u0103 \u00een Conducerea Educa\u021bional\u0103 Leadership Strategic pentru Inspectoratele \u0218colare<\/strong>.<\/p>\n\n\n\n<p><\/p>\n","protected":false},"excerpt":{"rendered":"<p>\u00cen perioada 17.10.2025 \u2013 25.11.2025 vor avea loc activit\u0103\u021bile de formare pentru Seria 1, din cadrul programelor de formare continu\u0103 Leadership Educa\u021bional pentru Excelen\u021b\u0103 \u00een Managementul \u0218colar \u0219i Excelen\u021b\u0103 \u00een Conducerea Educa\u021bional\u0103 Leadership Strategic pentru Inspectoratele \u0218colare. Evaluarea final\u0103 va avea loc \u00een 13.12.2025. Activit\u0103\u021bile de formare se vor desf\u0103\u0219ura \u00een sistem blended learning (fa\u021b\u0103 [&hellip;]<\/p>\n","protected":false},"author":1,"featured_media":0,"comment_status":"closed","ping_status":"open","sticky":false,"template":"","format":"standard","meta":{"inline_featured_image":false,"_uag_custom_page_level_css":"","footnotes":""},"categories":[7,1],"tags":[],"class_list":["post-441","post","type-post","status-publish","format-standard","hentry","category-evenimente","category-stiri"],"uagb_featured_image_src":{"full":false,"thumbnail":false,"medium":false,"medium_large":false,"large":false,"1536x1536":false,"2048x2048":false},"uagb_author_info":{"display_name":"first","author_link":"https:\/\/grants.ulbsibiu.ro\/leadtheteam\/author\/first\/"},"uagb_comment_info":0,"uagb_excerpt":"\u00cen perioada 17.10.2025 \u2013 25.11.2025 vor avea loc activit\u0103\u021bile de formare pentru Seria 1, din cadrul programelor de formare continu\u0103 Leadership Educa\u021bional pentru Excelen\u021b\u0103 \u00een Managementul \u0218colar \u0219i Excelen\u021b\u0103 \u00een Conducerea Educa\u021bional\u0103 Leadership Strategic pentru Inspectoratele \u0218colare. Evaluarea final\u0103 va avea loc \u00een 13.12.2025. Activit\u0103\u021bile de formare se vor desf\u0103\u0219ura \u00een sistem blended learning (fa\u021b\u0103&hellip;","_links":{"self":[{"href":"https:\/\/grants.ulbsibiu.ro\/leadtheteam\/wp-json\/wp\/v2\/posts\/441","targetHints":{"allow":["GET"]}}],"collection":[{"href":"https:\/\/grants.ulbsibiu.ro\/leadtheteam\/wp-json\/wp\/v2\/posts"}],"about":[{"href":"https:\/\/grants.ulbsibiu.ro\/leadtheteam\/wp-json\/wp\/v2\/types\/post"}],"author":[{"embeddable":true,"href":"https:\/\/grants.ulbsibiu.ro\/leadtheteam\/wp-json\/wp\/v2\/users\/1"}],"replies":[{"embeddable":true,"href":"https:\/\/grants.ulbsibiu.ro\/leadtheteam\/wp-json\/wp\/v2\/comments?post=441"}],"version-history":[{"count":6,"href":"https:\/\/grants.ulbsibiu.ro\/leadtheteam\/wp-json\/wp\/v2\/posts\/441\/revisions"}],"predecessor-version":[{"id":461,"href":"https:\/\/grants.ulbsibiu.ro\/leadtheteam\/wp-json\/wp\/v2\/posts\/441\/revisions\/461"}],"wp:attachment":[{"href":"https:\/\/grants.ulbsibiu.ro\/leadtheteam\/wp-json\/wp\/v2\/media?parent=441"}],"wp:term":[{"taxonomy":"category","embeddable":true,"href":"https:\/\/grants.ulbsibiu.ro\/leadtheteam\/wp-json\/wp\/v2\/categories?post=441"},{"taxonomy":"post_tag","embeddable":true,"href":"https:\/\/grants.ulbsibiu.ro\/leadtheteam\/wp-json\/wp\/v2\/tags?post=441"}],"curies":[{"name":"wp","href":"https:\/\/api.w.org\/{rel}","templated":true}]}}