{"id":1,"date":"2023-11-21T06:37:36","date_gmt":"2023-11-21T06:37:36","guid":{"rendered":"https:\/\/grants.ulbsibiu.ro\/cocerc\/?p=1"},"modified":"2024-02-13T10:54:54","modified_gmt":"2024-02-13T10:54:54","slug":"centrul-de-orientare-in-cariera-de-cercetator-regiunea-centru-cocerc","status":"publish","type":"post","link":"https:\/\/grants.ulbsibiu.ro\/cocerc\/centrul-de-orientare-in-cariera-de-cercetator-regiunea-centru-cocerc\/","title":{"rendered":"Centrul de Orientare \u00een Cariera de Cercet\u0103tor \u2013 Regiunea Centru (COCerc)"},"content":{"rendered":"\n<p class=\"has-ast-global-color-8-color has-text-color has-medium-font-size\">Proiectul urm\u0103re\u0219te cre\u0219terea interesului pentru \u0219tiin\u021b\u0103 \u0219i tehnologie la nivelul societ\u0103\u021bii rom\u00e2ne\u0219ti, cu prec\u0103dere \u00een r\u00e2ndul tinerilor (elevi, studen\u021bi), concomitent cu cre\u0219terea capacit\u0103\u021bii cercet\u0103torilor (doctoranzi, postdoctoranzi, cercet\u0103tori maturi) de a realiza cercetare performant\u0103 \u0219i de a comunica rezultatele \u0219tiin\u021bifice deciden\u021bilor politici \u0219i publicului larg.<\/p>\n\n\n\n<p class=\"has-medium-font-size\">Grupul-\u021bint\u0103 vizat de activit\u0103\u021bile centrului pe durata proiectului&nbsp;<strong>(36 de luni)<\/strong>&nbsp;va acoperi cel pu\u021bin&nbsp;<strong>1500 de persoane<\/strong>&nbsp;din regiunea Centru interesate de activit\u0103\u021bile de cercetare: elevi, studen\u021bi, masteranzi, doctoranzi, tineri cercet\u0103tori, cercet\u0103tori cu experien\u021b\u0103, cercet\u0103tori str\u0103ini afilia\u021bi la universit\u0103\u021bile rom\u00e2ne\u0219ti din regiune \u0219.a<\/p>\n\n\n\n<p class=\"has-medium-font-size\">Centrul regional va desf\u0103\u0219ura activit\u0103\u021bi precum furnizarea de servicii de orientare \u00een cariera de cercet\u0103tor, studii \u0219i anchete privind activit\u0103\u021bile de orientare \u00een regiune, formare profesional\u0103 continu\u0103, organizarea unor evenimente de networking, promovarea rezultatelor cercet\u0103rii \u00een societate, facilitarea de stagii de practic\u0103 pentru studen\u021bi, organizarea de evenimente tip dezbateri sau \u201ecafeneaua \u0219tiin\u021bei\u201d, elaborarea de articole \u0219i materiale audio-vizuale, stagii de schimb de experien\u021b\u0103 la alte centre regionale.<\/p>\n","protected":false},"excerpt":{"rendered":"<p>Proiectul urm\u0103re\u0219te cre\u0219terea interesului pentru \u0219tiin\u021b\u0103 \u0219i tehnologie la nivelul societ\u0103\u021bii rom\u00e2ne\u0219ti, cu prec\u0103dere \u00een r\u00e2ndul tinerilor (elevi, studen\u021bi), concomitent cu cre\u0219terea capacit\u0103\u021bii cercet\u0103torilor (doctoranzi, postdoctoranzi, cercet\u0103tori maturi) de a [&hellip;]<\/p>\n","protected":false},"author":1,"featured_media":446,"comment_status":"closed","ping_status":"closed","sticky":false,"template":"","format":"standard","meta":{"footnotes":""},"categories":[9],"tags":[],"_links":{"self":[{"href":"https:\/\/grants.ulbsibiu.ro\/cocerc\/wp-json\/wp\/v2\/posts\/1"}],"collection":[{"href":"https:\/\/grants.ulbsibiu.ro\/cocerc\/wp-json\/wp\/v2\/posts"}],"about":[{"href":"https:\/\/grants.ulbsibiu.ro\/cocerc\/wp-json\/wp\/v2\/types\/post"}],"author":[{"embeddable":true,"href":"https:\/\/grants.ulbsibiu.ro\/cocerc\/wp-json\/wp\/v2\/users\/1"}],"replies":[{"embeddable":true,"href":"https:\/\/grants.ulbsibiu.ro\/cocerc\/wp-json\/wp\/v2\/comments?post=1"}],"version-history":[{"count":7,"href":"https:\/\/grants.ulbsibiu.ro\/cocerc\/wp-json\/wp\/v2\/posts\/1\/revisions"}],"predecessor-version":[{"id":476,"href":"https:\/\/grants.ulbsibiu.ro\/cocerc\/wp-json\/wp\/v2\/posts\/1\/revisions\/476"}],"wp:featuredmedia":[{"embeddable":true,"href":"https:\/\/grants.ulbsibiu.ro\/cocerc\/wp-json\/wp\/v2\/media\/446"}],"wp:attachment":[{"href":"https:\/\/grants.ulbsibiu.ro\/cocerc\/wp-json\/wp\/v2\/media?parent=1"}],"wp:term":[{"taxonomy":"category","embeddable":true,"href":"https:\/\/grants.ulbsibiu.ro\/cocerc\/wp-json\/wp\/v2\/categories?post=1"},{"taxonomy":"post_tag","embeddable":true,"href":"https:\/\/grants.ulbsibiu.ro\/cocerc\/wp-json\/wp\/v2\/tags?post=1"}],"curies":[{"name":"wp","href":"https:\/\/api.w.org\/{rel}","templated":true}]}}